{"id":24378,"date":"2018-04-24T16:55:31","date_gmt":"2018-04-24T16:55:31","guid":{"rendered":"https:\/\/ahlma.org\/?p=24378"},"modified":"2023-06-25T01:40:10","modified_gmt":"2023-06-25T01:40:10","slug":"programa-del-decimo-aniversario","status":"publish","type":"post","link":"https:\/\/ahlma.org\/en\/programa-del-decimo-aniversario\/","title":{"rendered":"Programa del D\u00e9cimo Aniversario"},"content":{"rendered":"<p>La Asociaci\u00f3n de Hermanas Latinas Misioneras en Am\u00e9rica, AHLMA, celebra su d\u00e9cimo aniversario con el tema <strong>\u201cLa cultura del encuentro a la luz del \u00edcono de la visitaci\u00f3n\u201d<\/strong>. El evento se llevar\u00e1 a cabo\u00a0del\u00a028 de junio al 1 de julio de 2018\u00a0en la Universidad del Verbo Encarnado, en San Antonio Texas.<\/p>\n<p>El programa ser\u00e1 din\u00e1mico y variado. La Hna. Mercedes Casas, presidenta de la Confederaci\u00f3n Latinoamericana\u00a0y Caribe\u00f1a de\u00a0Religiosas\/os (CLAR) facilitar\u00e1 el tema central.<\/p>\n<p>Un panel sobre el tema: <strong>Las Semillas del V Encuentro,<\/strong> recoger\u00e1 puntos de vista variados, a diferentes niveles, sobre el proceso del V Encuentro a fin de atender la voz colectiva y prof\u00e9tica que surge desde las comunidades.<\/p>\n<p>Adem\u00e1s, <strong>los n\u00facleos tem\u00e1ticos<\/strong> contar\u00e1n con la participaci\u00f3n de organizaciones latinas cat\u00f3licas que trabajan a nivel nacional, a fin de crear v\u00ednculos y alianzas con las congregaciones femeninas latinas participantes.<\/p>\n<p><strong>Mons. Gustavo Garc\u00eda-Siller, MSps.<\/strong>, Arzobispo de la Arquidi\u00f3cesis de San Antonio, estar\u00e1 presente y presidir\u00e1 la Eucarist\u00eda el d\u00eda s\u00e1bado.    \t<\/p>","protected":false},"excerpt":{"rendered":"<p>La Asociaci\u00f3n de Hermanas Latinas Misioneras en Am\u00e9rica, AHLMA, celebra su d\u00e9cimo aniversario con el tema \u201cLa cultura del encuentro a la luz del \u00edcono de la visitaci\u00f3n\u201d. El evento se llevar\u00e1 a cabo\u00a0del\u00a028 de junio al 1 de julio de 2018\u00a0en la Universidad del Verbo Encarnado, en San Antonio Texas. El programa ser\u00e1 din\u00e1mico&hellip;<\/p>","protected":false},"author":1,"featured_media":24380,"comment_status":"open","ping_status":"open","sticky":false,"template":"","format":"standard","meta":{"nf_dc_page":"","footnotes":""},"categories":[32,74,29,35],"tags":[],"class_list":["post-24378","post","type-post","status-publish","format-standard","has-post-thumbnail","hentry","category-actualidad","category-espanol","category-eventos-y-talleres","category-noticias","category-32","category-74","category-29","category-35","description-off"],"rttpg_featured_image_url":{"full":["https:\/\/ahlma.org\/wp-content\/uploads\/2018\/04\/programaS.jpg",900,636,false],"landscape":["https:\/\/ahlma.org\/wp-content\/uploads\/2018\/04\/programaS.jpg",900,636,false],"portraits":["https:\/\/ahlma.org\/wp-content\/uploads\/2018\/04\/programaS.jpg",900,636,false],"thumbnail":["https:\/\/ahlma.org\/wp-content\/uploads\/2018\/04\/programaS-150x150.jpg",150,150,true],"medium":["https:\/\/ahlma.org\/wp-content\/uploads\/2018\/04\/programaS-300x212.jpg",300,212,true],"large":["https:\/\/ahlma.org\/wp-content\/uploads\/2018\/04\/programaS.jpg",900,636,false],"1536x1536":["https:\/\/ahlma.org\/wp-content\/uploads\/2018\/04\/programaS.jpg",900,636,false],"2048x2048":["https:\/\/ahlma.org\/wp-content\/uploads\/2018\/04\/programaS.jpg",900,636,false],"trp-custom-language-flag":["https:\/\/ahlma.org\/wp-content\/uploads\/2018\/04\/programaS.jpg",18,12,false]},"rttpg_author":{"display_name":"ahlma-admin","author_link":"https:\/\/ahlma.org\/en\/author\/ahlma-admin\/"},"rttpg_comment":0,"rttpg_category":"<a href=\"https:\/\/ahlma.org\/en\/category\/actualidad\/\" rel=\"category tag\">Actualidad<\/a> <a href=\"https:\/\/ahlma.org\/en\/category\/espanol\/\" rel=\"category tag\">Espa\u00f1ol<\/a> <a href=\"https:\/\/ahlma.org\/en\/category\/eventos-y-talleres\/\" rel=\"category tag\">Eventos y Talleres<\/a> <a href=\"https:\/\/ahlma.org\/en\/category\/noticias\/\" rel=\"category tag\">Noticias<\/a>","rttpg_excerpt":"La Asociaci\u00f3n de Hermanas Latinas Misioneras en Am\u00e9rica, AHLMA, celebra su d\u00e9cimo aniversario con el tema \u201cLa cultura del encuentro a la luz del \u00edcono de la visitaci\u00f3n\u201d. El evento se llevar\u00e1 a cabo\u00a0del\u00a028 de junio al 1 de julio de 2018\u00a0en la Universidad del Verbo Encarnado, en San Antonio Texas. El programa ser\u00e1 din\u00e1mico&hellip;","_links":{"self":[{"href":"https:\/\/ahlma.org\/en\/wp-json\/wp\/v2\/posts\/24378","targetHints":{"allow":["GET"]}}],"collection":[{"href":"https:\/\/ahlma.org\/en\/wp-json\/wp\/v2\/posts"}],"about":[{"href":"https:\/\/ahlma.org\/en\/wp-json\/wp\/v2\/types\/post"}],"author":[{"embeddable":true,"href":"https:\/\/ahlma.org\/en\/wp-json\/wp\/v2\/users\/1"}],"replies":[{"embeddable":true,"href":"https:\/\/ahlma.org\/en\/wp-json\/wp\/v2\/comments?post=24378"}],"version-history":[{"count":1,"href":"https:\/\/ahlma.org\/en\/wp-json\/wp\/v2\/posts\/24378\/revisions"}],"predecessor-version":[{"id":27322,"href":"https:\/\/ahlma.org\/en\/wp-json\/wp\/v2\/posts\/24378\/revisions\/27322"}],"wp:featuredmedia":[{"embeddable":true,"href":"https:\/\/ahlma.org\/en\/wp-json\/wp\/v2\/media\/24380"}],"wp:attachment":[{"href":"https:\/\/ahlma.org\/en\/wp-json\/wp\/v2\/media?parent=24378"}],"wp:term":[{"taxonomy":"category","embeddable":true,"href":"https:\/\/ahlma.org\/en\/wp-json\/wp\/v2\/categories?post=24378"},{"taxonomy":"post_tag","embeddable":true,"href":"https:\/\/ahlma.org\/en\/wp-json\/wp\/v2\/tags?post=24378"}],"curies":[{"name":"wp","href":"https:\/\/api.w.org\/{rel}","templated":true}]}}